{"id":1,"date":"2024-08-28T02:28:12","date_gmt":"2024-08-28T02:28:12","guid":{"rendered":"https:\/\/profa.no\/?p=1"},"modified":"2024-12-10T14:12:21","modified_gmt":"2024-12-10T14:12:21","slug":"martina-skal-lede-det-nye-selskapet","status":"publish","type":"post","link":"https:\/\/profa.no\/en\/martina-skal-lede-det-nye-selskapet\/","title":{"rendered":"Martina (23) skal lede det nye selskapet"},"content":{"rendered":"<p>P\u00e5 oppfordring fra akt\u00f8rer i fiskeri- og oppdrettsn\u00e6ringen, har&nbsp;Nofir&nbsp;etablert Profa.<\/p>\n\n\n\n<p>M\u00e5let med selskapet er \u00e5 spille en n\u00f8kkelrolle i \u00e5 sikre en b\u00e6rekraftig h\u00e5ndtering av plastavfall fra n\u00e6ringene.<\/p>\n\n\n\n<p>\u2013 \u00c5 f\u00e5 muligheten til \u00e5 lede et slikt prosjekt er utrolig spennende. Jeg ser fram til \u00e5 samarbeide med akt\u00f8rene i n\u00e6ringen og bidra til en b\u00e6rekraftig l\u00f8sning som har positiv innvirkning p\u00e5 milj\u00f8et, sier Olsen.<\/p>\n\n\n\n<h3 class=\"wp-block-heading\">&#8211; Ung og utrolig dyktig<\/h3>\n\n\n\n<p>Olsen, som er utdannet sivil\u00f8konom og kommer fra EY, tar over ansvaret for \u00e5 bygge opp og drifte Profa i tr\u00e5d med de nye kravene om utvidet produsentansvar. I utgangspunktet kom hun inn i en trainee-stilling for \u00e5 bidra med generelle oppgaver. Men bare etter noen m\u00e5neder rykket hun opp gradene, opplyser Nofir.<\/p>\n\n\n\n<p>\u2013 Martina er ung, men allerede utrolig dyktig. Hun har den rette kombinasjonen av energien og kompetansen som trengs for \u00e5 takle en s\u00e5 viktig oppgave som dette, sier \u00d8istein Aleksandersen, daglig leder i Nofir.<\/p>\n\n\n\n<p>Han har stor tro p\u00e5 at hun er den rette til jobben:<\/p>\n\n\n\n<p>\u2013 Det er mange unike utfordringer som m\u00e5 l\u00f8ses i en krevende tid for n\u00e6ringene og selskapet v\u00e5rt, men Martina har allerede vist at hun vil klare oppgavene p\u00e5 glimrende vis.<\/p>\n\n\n\n<figure class=\"wp-block-image size-large is-resized\"><img fetchpriority=\"high\" decoding=\"async\" width=\"1024\" height=\"1024\" src=\"https:\/\/profa.no\/wp-content\/uploads\/2024\/12\/Martina-Olsen-Profa-1-1024x1024.jpeg\" alt=\"\" class=\"wp-image-638\" style=\"width:418px;height:auto\" srcset=\"https:\/\/profa.no\/wp-content\/uploads\/2024\/12\/Martina-Olsen-Profa-1-1024x1024.jpeg 1024w, https:\/\/profa.no\/wp-content\/uploads\/2024\/12\/Martina-Olsen-Profa-1-300x300.jpeg 300w, https:\/\/profa.no\/wp-content\/uploads\/2024\/12\/Martina-Olsen-Profa-1-150x150.jpeg 150w, https:\/\/profa.no\/wp-content\/uploads\/2024\/12\/Martina-Olsen-Profa-1-768x768.jpeg 768w, https:\/\/profa.no\/wp-content\/uploads\/2024\/12\/Martina-Olsen-Profa-1-12x12.jpeg 12w, https:\/\/profa.no\/wp-content\/uploads\/2024\/12\/Martina-Olsen-Profa-1.jpeg 1080w\" sizes=\"(max-width: 1024px) 100vw, 1024px\" \/><figcaption class=\"wp-element-caption\">Martina Olsen er motivert til \u00e5 lede etableringen av Profa.<\/figcaption><\/figure>\n\n\n\n<h3 class=\"wp-block-heading\">Bl\u00e5 n\u00e6ring<\/h3>\n\n\n\n<p>Bakgrunnen for at Profa har blitt etablert er, if\u00f8lge selskapet, EUs direktiv om plastprodukter som stiller krav til produsentene om \u00e5 ta ansvar for innsamling, transport og behandling av avfallet.<\/p>\n\n\n\n<p>Form\u00e5let til Profa er sikre at disse forpliktelsene ivaretas, samtidig som kostnadene holdes nede for de ber\u00f8rte akt\u00f8rene i de bl\u00e5 n\u00e6ringene.<\/p>\n\n\n\n<p>Noen av oppgavene til Olsen vil v\u00e6re med \u00e5 drive holdningsskapende arbeid og kunnskapsformidling om sirkularitet og gjenvinning, noe som ventes \u00e5 bidra til \u00f8kt materialgjenvinning og redusert plastfors\u00f8pling i havet.<\/p>","protected":false},"excerpt":{"rendered":"<p>Martina Mathea Olsen (23) fra Glomfjord skal lede det nyetablerte produsentansvarsselskapet Profa.<\/p>","protected":false},"author":1,"featured_media":662,"comment_status":"open","ping_status":"open","sticky":false,"template":"","format":"standard","meta":{"footnotes":""},"categories":[1],"tags":[],"class_list":["post-1","post","type-post","status-publish","format-standard","has-post-thumbnail","hentry","category-uncategorized"],"_links":{"self":[{"href":"https:\/\/profa.no\/en\/wp-json\/wp\/v2\/posts\/1","targetHints":{"allow":["GET"]}}],"collection":[{"href":"https:\/\/profa.no\/en\/wp-json\/wp\/v2\/posts"}],"about":[{"href":"https:\/\/profa.no\/en\/wp-json\/wp\/v2\/types\/post"}],"author":[{"embeddable":true,"href":"https:\/\/profa.no\/en\/wp-json\/wp\/v2\/users\/1"}],"replies":[{"embeddable":true,"href":"https:\/\/profa.no\/en\/wp-json\/wp\/v2\/comments?post=1"}],"version-history":[{"count":5,"href":"https:\/\/profa.no\/en\/wp-json\/wp\/v2\/posts\/1\/revisions"}],"predecessor-version":[{"id":683,"href":"https:\/\/profa.no\/en\/wp-json\/wp\/v2\/posts\/1\/revisions\/683"}],"wp:featuredmedia":[{"embeddable":true,"href":"https:\/\/profa.no\/en\/wp-json\/wp\/v2\/media\/662"}],"wp:attachment":[{"href":"https:\/\/profa.no\/en\/wp-json\/wp\/v2\/media?parent=1"}],"wp:term":[{"taxonomy":"category","embeddable":true,"href":"https:\/\/profa.no\/en\/wp-json\/wp\/v2\/categories?post=1"},{"taxonomy":"post_tag","embeddable":true,"href":"https:\/\/profa.no\/en\/wp-json\/wp\/v2\/tags?post=1"}],"curies":[{"name":"wp","href":"https:\/\/api.w.org\/{rel}","templated":true}]}}