{"id":1358,"date":"2026-01-19T08:00:00","date_gmt":"2026-01-19T08:00:00","guid":{"rendered":"https:\/\/profa.no\/?p=1358"},"modified":"2026-01-20T12:24:49","modified_gmt":"2026-01-20T12:24:49","slug":"skal-samarbeide-om-nye-myndighetskrav","status":"publish","type":"post","link":"https:\/\/profa.no\/en\/skal-samarbeide-om-nye-myndighetskrav\/","title":{"rendered":"Skal samarbeide om nye myndighetskrav"},"content":{"rendered":"<p>Profa AS, et datterselskap av avfallsselskapet Nofir er under etablering som produsentansvarsselskap for den nye ordningen, <a href=\"https:\/\/lovdata.no\/dokument\/SF\/forskrift\/2004-06-01-930\/KAPITTEL_9#KAPITTEL_9\" data-type=\"link\" data-id=\"https:\/\/lovdata.no\/dokument\/SF\/forskrift\/2004-06-01-930\/KAPITTEL_9#KAPITTEL_9\" target=\"_blank\" rel=\"noopener\"><strong>som ble tilf\u00f8yd Avfallsforskriften 18. desember<\/strong><\/a>, og tr\u00e5dde i kraft 01. januar 2026.<\/p>\n\n\n\n<p><a href=\"https:\/\/www.grontpunkt.no\/\" data-type=\"link\" data-id=\"https:\/\/www.grontpunkt.no\/\" target=\"_blank\" rel=\"noopener\"><strong>Gr\u00f8nt Punkt Norge er et non profit-selskap<\/strong><\/a> som fra tidligere administrerer produsentansvar for blant annet innsamling og gjenvinning av emballasje.<\/p>\n\n\n\n<p>\u2013 Vi har 30 \u00e5rs erfaring med produsentansvar og har etablert gode medlemsl\u00f8sninger for returordningen for emballasje. Nofir har p\u00e5 sin side lang erfaring med innsamling og gjenvinning av avfall i de bl\u00e5 n\u00e6ringene, s\u00e5 dette samarbeidet gleder vi oss til, sier Jaana R\u00f8ine, administrerende direkt\u00f8r i Gr\u00f8nt Punkt Norge, og f\u00e5r st\u00f8tte fra daglig leder i Nofir, \u00d8istein Aleksandersen.<\/p>\n\n\n\n<p>\u2013 Som selskap utfyller vi hverandre. Det gj\u00f8r oss enda bedre rustet til \u00e5 levere p\u00e5 produsentansvaret som nylig tr\u00e5dde i kraft.<\/p>\n\n\n\n<p>Han understreker at selskapene vil ha tid p\u00e5 seg, da kravet for innsamling, behandling og kostnadsdekning f\u00f8rst gjelder fra 01. mars 2027. Samtidig sier han at de er godt i gang med arbeidet.<\/p>\n\n\n\n<p>\u2013 Samarbeidet har allerede b\u00e5ret frukter, og det gj\u00f8r oss klare til \u00e5 tr\u00e5 til s\u00e5 fort direktoratet \u00e5pner for s\u00f8knader til etablering av produsentansvarsselskap.<\/p>\n\n\n\n<p>I 2025 arrangerte selskapet m\u00f8ter for mange hundre deltakere i n\u00e6ringen. For f\u00e5 dager siden samlet de sentrale akt\u00f8rer i hele n\u00e6ringen til fellesm\u00f8te p\u00e5 Gardermoen, hvor samarbeidet ble offentliggjort.<\/p>\n\n\n\n<p>\u2013 Mange har vist interesse for m\u00f8tene vi har hatt, og det er allerede en solid grunnmur med intensjonsmedlemmer. Det gj\u00f8r oss trygge p\u00e5 at vi kan levere p\u00e5 form\u00e5let i forskriften og komme raskt i gang med \u00e5 gj\u00f8re de bl\u00e5 n\u00e6ringene enda litt gr\u00f8nnere, avslutter Nofir-sjefen.<\/p>","protected":false},"excerpt":{"rendered":"<p>Gr\u00f8nt Punkt Norge og Profa har inng\u00e5tt intensjonsavtale og skal samarbeide om nytt produsentansvar for fritidsfiske, fiskeri og oppdrettsredskap.<\/p>","protected":false},"author":1,"featured_media":1359,"comment_status":"open","ping_status":"open","sticky":false,"template":"","format":"standard","meta":{"footnotes":""},"categories":[1],"tags":[],"class_list":["post-1358","post","type-post","status-publish","format-standard","has-post-thumbnail","hentry","category-uncategorized"],"_links":{"self":[{"href":"https:\/\/profa.no\/en\/wp-json\/wp\/v2\/posts\/1358","targetHints":{"allow":["GET"]}}],"collection":[{"href":"https:\/\/profa.no\/en\/wp-json\/wp\/v2\/posts"}],"about":[{"href":"https:\/\/profa.no\/en\/wp-json\/wp\/v2\/types\/post"}],"author":[{"embeddable":true,"href":"https:\/\/profa.no\/en\/wp-json\/wp\/v2\/users\/1"}],"replies":[{"embeddable":true,"href":"https:\/\/profa.no\/en\/wp-json\/wp\/v2\/comments?post=1358"}],"version-history":[{"count":4,"href":"https:\/\/profa.no\/en\/wp-json\/wp\/v2\/posts\/1358\/revisions"}],"predecessor-version":[{"id":1364,"href":"https:\/\/profa.no\/en\/wp-json\/wp\/v2\/posts\/1358\/revisions\/1364"}],"wp:featuredmedia":[{"embeddable":true,"href":"https:\/\/profa.no\/en\/wp-json\/wp\/v2\/media\/1359"}],"wp:attachment":[{"href":"https:\/\/profa.no\/en\/wp-json\/wp\/v2\/media?parent=1358"}],"wp:term":[{"taxonomy":"category","embeddable":true,"href":"https:\/\/profa.no\/en\/wp-json\/wp\/v2\/categories?post=1358"},{"taxonomy":"post_tag","embeddable":true,"href":"https:\/\/profa.no\/en\/wp-json\/wp\/v2\/tags?post=1358"}],"curies":[{"name":"wp","href":"https:\/\/api.w.org\/{rel}","templated":true}]}}