{"id":782,"date":"2025-02-24T10:50:25","date_gmt":"2025-02-24T10:50:25","guid":{"rendered":"https:\/\/profa.no\/?p=782"},"modified":"2026-01-11T17:40:37","modified_gmt":"2026-01-11T17:40:37","slug":"mange-sporsmal-om-nytt-produsentansvar","status":"publish","type":"post","link":"https:\/\/profa.no\/en\/mange-sporsmal-om-nytt-produsentansvar\/","title":{"rendered":"Mange sp\u00f8rsm\u00e5l om nytt produsentansvar"},"content":{"rendered":"<p>Det er mange utfordringer med regjeringens forslag. Med en tydelig samlet front vil det v\u00e6re enklere \u00e5 f\u00e5 gjennomslag for n\u00e6ringas behov, sier prosjektleder i det nyopprettede <a href=\"https:\/\/profa.no\/en\/\" data-type=\"link\" data-id=\"www.profa.no\">produsentansvarsselskapet Profa<\/a>, Martina Olsen.<\/p>\n\n\n\n<h3 class=\"wp-block-heading\">F\u00f8rste m\u00f8te<\/h3>\n\n\n\n<p>Nylig avholdt de f\u00f8rste m\u00f8te for selskapet, som teller et titalls intensjonsmedlemmer, og allerede har to dedikerte ressurser ansatt gjennom Nofir.<\/p>\n\n\n\n<p>\u2013 Vi er veldig forn\u00f8yde med femti oppm\u00f8tte, og det er tydelig at dette er noe som engasjerer mange i hele verdikjeden, sier daglig leder i Nofir, \u00d8istein Aleksandersen, og legger til:<\/p>\n\n\n\n<p>\u2013 Det er mange usikkerheter knyttet til ordningen, hvordan den skal gjennomf\u00f8res og hvilke regler som vil gjelde. M\u00e5let er at vi kan gj\u00f8re ting litt mindre usikkert ved \u00e5 samarbeide gjennom Profa.<\/p>\n\n\n\n<p><a href=\"https:\/\/profa.no\/en\/horingssvar-fra-profa\/\">I eget h\u00f8ringssvar<\/a> til Regjeringen l\u00f8fter de fram utfordringer knyttet til blindpassasjerer, innf\u00f8ringsperiode for produsentansvaret og insentiver for b\u00e6rekraftig produktdesign.<\/p>\n\n\n\n<h3 class=\"wp-block-heading\">Setter ned styringsgruppe<\/h3>\n\n\n\n<p>Profa-leder Martina Olsen sier selskapet allerede er oppe p\u00e5 beina, og godt i gang med jobben for \u00e5 m\u00f8te den kommende ettersp\u00f8rselen.<\/p>\n\n\n\n<p>\u2013 N\u00e5 h\u00e5per vi n\u00e6ringa vil v\u00e6re med \u00e5 ta mest mulig styring ved \u00e5 engasjere seg i videreutviklingen av selskapet og arbeidet vi gj\u00f8r. Gjennom egne m\u00f8ter og m\u00f8ter med myndighetene og akt\u00f8rer i n\u00e6ringa arbeider vi for st\u00f8rst mulig nedenfra-og-opp-innflytelse p\u00e5 endringene som kommer, sier hun, og forteller at de n\u00e5 skal sette ned en styringsgruppe som skal koordinere arbeidet internt, og eksternt mot myndighetene.<\/p>\n\n\n\n<p><\/p>","protected":false},"excerpt":{"rendered":"<p>Fiskeri- og oppdrettsn\u00e6ringa skal underlegges produsentansvar. H\u00f8ringen avsluttet, men Nofir h\u00e5per n\u00e6ringa velger \u00e5 ta grep, fremfor \u00e5 vente.<\/p>","protected":false},"author":1,"featured_media":783,"comment_status":"open","ping_status":"open","sticky":false,"template":"","format":"standard","meta":{"footnotes":""},"categories":[1],"tags":[],"class_list":["post-782","post","type-post","status-publish","format-standard","has-post-thumbnail","hentry","category-uncategorized"],"_links":{"self":[{"href":"https:\/\/profa.no\/en\/wp-json\/wp\/v2\/posts\/782","targetHints":{"allow":["GET"]}}],"collection":[{"href":"https:\/\/profa.no\/en\/wp-json\/wp\/v2\/posts"}],"about":[{"href":"https:\/\/profa.no\/en\/wp-json\/wp\/v2\/types\/post"}],"author":[{"embeddable":true,"href":"https:\/\/profa.no\/en\/wp-json\/wp\/v2\/users\/1"}],"replies":[{"embeddable":true,"href":"https:\/\/profa.no\/en\/wp-json\/wp\/v2\/comments?post=782"}],"version-history":[{"count":1,"href":"https:\/\/profa.no\/en\/wp-json\/wp\/v2\/posts\/782\/revisions"}],"predecessor-version":[{"id":784,"href":"https:\/\/profa.no\/en\/wp-json\/wp\/v2\/posts\/782\/revisions\/784"}],"wp:featuredmedia":[{"embeddable":true,"href":"https:\/\/profa.no\/en\/wp-json\/wp\/v2\/media\/783"}],"wp:attachment":[{"href":"https:\/\/profa.no\/en\/wp-json\/wp\/v2\/media?parent=782"}],"wp:term":[{"taxonomy":"category","embeddable":true,"href":"https:\/\/profa.no\/en\/wp-json\/wp\/v2\/categories?post=782"},{"taxonomy":"post_tag","embeddable":true,"href":"https:\/\/profa.no\/en\/wp-json\/wp\/v2\/tags?post=782"}],"curies":[{"name":"wp","href":"https:\/\/api.w.org\/{rel}","templated":true}]}}